{"id":6173,"date":"2024-01-18T21:59:33","date_gmt":"2024-01-18T20:59:33","guid":{"rendered":"https:\/\/www.rs-balingen.de\/home\/?p=6173"},"modified":"2024-01-18T21:59:33","modified_gmt":"2024-01-18T20:59:33","slug":"besuch-der-diakonie-balingen-einblick-in-ihre-arbeit","status":"publish","type":"post","link":"https:\/\/www.rs-balingen.de\/home\/besuch-der-diakonie-balingen-einblick-in-ihre-arbeit\/","title":{"rendered":"Besuch der Diakonie Balingen &#8211; Einblick in ihre Arbeit"},"content":{"rendered":"\n<figure class=\"wp-block-image size-large\"><img fetchpriority=\"high\" decoding=\"async\" width=\"1024\" height=\"768\" src=\"https:\/\/www.rs-balingen.de\/wp-content\/uploads\/2024\/01\/Diakonie-1-1024x768.jpeg\" alt=\"\" class=\"wp-image-6176\" srcset=\"https:\/\/www.rs-balingen.de\/wp-content\/uploads\/2024\/01\/Diakonie-1-1024x768.jpeg 1024w, https:\/\/www.rs-balingen.de\/wp-content\/uploads\/2024\/01\/Diakonie-1-300x225.jpeg 300w, https:\/\/www.rs-balingen.de\/wp-content\/uploads\/2024\/01\/Diakonie-1-768x576.jpeg 768w, https:\/\/www.rs-balingen.de\/wp-content\/uploads\/2024\/01\/Diakonie-1-1536x1152.jpeg 1536w, https:\/\/www.rs-balingen.de\/wp-content\/uploads\/2024\/01\/Diakonie-1-2048x1536.jpeg 2048w\" sizes=\"(max-width: 1024px) 100vw, 1024px\" \/><\/figure>\n\n\n\n<p>Der Vortrag begann mit einem geschichtlichen \u00dcberblick \u00fcber die Entstehung der Diakonie<br>und ihrer Entwicklung bis heute. Anschlie\u00dfend erhielten die Sch\u00fclerinnen und Sch\u00fcler eine<br>detaillierte \u00dcbersicht \u00fcber die verschiedenen Arbeitsbereiche der Diakonie Balingen und<br>deren Aufgabenfelder.<br>Die Sch\u00fclerinnen und Sch\u00fcler zeigten gro\u00dfes Interesse und h\u00f6rten aufmerksam zu,<br>w\u00e4hrend die Referentinnen die Bedeutung und Herausforderungen ihrer Arbeit erl\u00e4uterten.<br>Es war beeindruckend zu erfahren, wie die Diakonie einen bedeutenden Beitrag f\u00fcr<br>Menschen in schwierigen Lebenslagen leistet.<br>Ein herzliches Dankesch\u00f6n geht an Frau Rettinger und Frau Schneider-Brutschin f\u00fcr den<br>interessanten Einblick in die Arbeit der Diakonie. Ihr Besuch hat dazu beigetragen, das<br>Bewusstsein f\u00fcr soziales Engagement und Solidarit\u00e4t in unserer Sch\u00fclerschaft zu st\u00e4rken.<\/p>\n","protected":false},"excerpt":{"rendered":"<p>Am 11.01.2024 hatten wir die Ehre, Frau Rettinger und Frau Schneider-Brutschin von der<br \/>\nDiakonie Balingen an unserer Schule begr\u00fc\u00dfen zu d\u00fcrfen. Die beiden G\u00e4ste pr\u00e4sentierten<br \/>\nim ev. Religionsunterricht der Klassenstufe 8 einen informativen Vortrag \u00fcber die vielf\u00e4ltige<br \/>\nArbeit der Diakonie.<\/p>\n","protected":false},"author":4,"featured_media":6174,"comment_status":"open","ping_status":"open","sticky":false,"template":"","format":"standard","meta":{"ocean_post_layout":"full-screen","ocean_both_sidebars_style":"","ocean_both_sidebars_content_width":0,"ocean_both_sidebars_sidebars_width":0,"ocean_sidebar":"","ocean_second_sidebar":"","ocean_disable_margins":"enable","ocean_add_body_class":"","ocean_shortcode_before_top_bar":"","ocean_shortcode_after_top_bar":"","ocean_shortcode_before_header":"","ocean_shortcode_after_header":"","ocean_has_shortcode":"","ocean_shortcode_after_title":"","ocean_shortcode_before_footer_widgets":"","ocean_shortcode_after_footer_widgets":"","ocean_shortcode_before_footer_bottom":"","ocean_shortcode_after_footer_bottom":"","ocean_display_top_bar":"off","ocean_display_header":"off","ocean_header_style":"","ocean_center_header_left_menu":"","ocean_custom_header_template":"","ocean_custom_logo":0,"ocean_custom_retina_logo":0,"ocean_custom_logo_max_width":0,"ocean_custom_logo_tablet_max_width":0,"ocean_custom_logo_mobile_max_width":0,"ocean_custom_logo_max_height":0,"ocean_custom_logo_tablet_max_height":0,"ocean_custom_logo_mobile_max_height":0,"ocean_header_custom_menu":"","ocean_menu_typo_font_family":"","ocean_menu_typo_font_subset":"","ocean_menu_typo_font_size":0,"ocean_menu_typo_font_size_tablet":0,"ocean_menu_typo_font_size_mobile":0,"ocean_menu_typo_font_size_unit":"px","ocean_menu_typo_font_weight":"","ocean_menu_typo_font_weight_tablet":"","ocean_menu_typo_font_weight_mobile":"","ocean_menu_typo_transform":"","ocean_menu_typo_transform_tablet":"","ocean_menu_typo_transform_mobile":"","ocean_menu_typo_line_height":0,"ocean_menu_typo_line_height_tablet":0,"ocean_menu_typo_line_height_mobile":0,"ocean_menu_typo_line_height_unit":"","ocean_menu_typo_spacing":0,"ocean_menu_typo_spacing_tablet":0,"ocean_menu_typo_spacing_mobile":0,"ocean_menu_typo_spacing_unit":"","ocean_menu_link_color":"","ocean_menu_link_color_hover":"","ocean_menu_link_color_active":"","ocean_menu_link_background":"","ocean_menu_link_hover_background":"","ocean_menu_link_active_background":"","ocean_menu_social_links_bg":"","ocean_menu_social_hover_links_bg":"","ocean_menu_social_links_color":"","ocean_menu_social_hover_links_color":"","ocean_disable_title":"on","ocean_disable_heading":"default","ocean_post_title":"","ocean_post_subheading":"","ocean_post_title_style":"","ocean_post_title_background_color":"","ocean_post_title_background":0,"ocean_post_title_bg_image_position":"","ocean_post_title_bg_image_attachment":"","ocean_post_title_bg_image_repeat":"","ocean_post_title_bg_image_size":"","ocean_post_title_height":0,"ocean_post_title_bg_overlay":0.5,"ocean_post_title_bg_overlay_color":"","ocean_disable_breadcrumbs":"default","ocean_breadcrumbs_color":"","ocean_breadcrumbs_separator_color":"","ocean_breadcrumbs_links_color":"","ocean_breadcrumbs_links_hover_color":"","ocean_display_footer_widgets":"off","ocean_display_footer_bottom":"off","ocean_custom_footer_template":"","footnotes":"","ocean_post_oembed":"","ocean_post_self_hosted_media":"","ocean_post_video_embed":"","ocean_link_format":"","ocean_link_format_target":"self","ocean_quote_format":"","ocean_quote_format_link":"post","ocean_gallery_link_images":"on","ocean_gallery_id":[]},"categories":[6],"tags":[],"_links":{"self":[{"href":"https:\/\/www.rs-balingen.de\/home\/wp-json\/wp\/v2\/posts\/6173"}],"collection":[{"href":"https:\/\/www.rs-balingen.de\/home\/wp-json\/wp\/v2\/posts"}],"about":[{"href":"https:\/\/www.rs-balingen.de\/home\/wp-json\/wp\/v2\/types\/post"}],"author":[{"embeddable":true,"href":"https:\/\/www.rs-balingen.de\/home\/wp-json\/wp\/v2\/users\/4"}],"replies":[{"embeddable":true,"href":"https:\/\/www.rs-balingen.de\/home\/wp-json\/wp\/v2\/comments?post=6173"}],"version-history":[{"count":2,"href":"https:\/\/www.rs-balingen.de\/home\/wp-json\/wp\/v2\/posts\/6173\/revisions"}],"predecessor-version":[{"id":6177,"href":"https:\/\/www.rs-balingen.de\/home\/wp-json\/wp\/v2\/posts\/6173\/revisions\/6177"}],"wp:featuredmedia":[{"embeddable":true,"href":"https:\/\/www.rs-balingen.de\/home\/wp-json\/wp\/v2\/media\/6174"}],"wp:attachment":[{"href":"https:\/\/www.rs-balingen.de\/home\/wp-json\/wp\/v2\/media?parent=6173"}],"wp:term":[{"taxonomy":"category","embeddable":true,"href":"https:\/\/www.rs-balingen.de\/home\/wp-json\/wp\/v2\/categories?post=6173"},{"taxonomy":"post_tag","embeddable":true,"href":"https:\/\/www.rs-balingen.de\/home\/wp-json\/wp\/v2\/tags?post=6173"}],"curies":[{"name":"wp","href":"https:\/\/api.w.org\/{rel}","templated":true}]}}